{"id":22210,"date":"2026-08-27T13:49:27","date_gmt":"2026-08-27T11:49:27","guid":{"rendered":"https:\/\/www.christinebraehler.com\/?p=22210"},"modified":"2026-08-27T13:54:35","modified_gmt":"2026-08-27T11:54:35","slug":"wenn-scham-dich-ausbremst-ohne-dass-du-es-merkst","status":"publish","type":"post","link":"https:\/\/www.christinebraehler.com\/de\/wenn-scham-dich-ausbremst-ohne-dass-du-es-merkst\/","title":{"rendered":"Wenn Scham Dich ausbremst, ohne dass Du es merkst"},"content":{"rendered":"\n<p class=\"wp-block-paragraph\">Kennst Du das? Ein belastendes Gef\u00fchl oder bestimmte Gedankeng\u00e4nge kleben gef\u00fchlt schon ewig an Dir, beschweren Dich und wollen sich einfach nicht bewegen, obwohl Du schon viel innere Arbeit gemacht hast? <\/p>\n\n\n\n<p class=\"wp-block-paragraph\">Dann ist wahrscheinlich Scham im Spiel, die alles gleichzeitig klebriger und schl\u00fcpfriger macht. <\/p>\n\n\n\n<p class=\"wp-block-paragraph\">Scham ist wie ein dunkler Schleier, der sich \u00fcber die Erfahrungen, Anteile, Emotionen und Gedanken legt, f\u00fcr die wir Angst haben von anderen abgelehnt zu werden \u2013 auch von uns selbst. <strong>\u201eWenn andere nur davon w\u00fcssten, dann w\u00fcrden sie denken, dass ich ein schlechter Mensch w\u00e4re und keiner w\u00fcrde etwas mit mir zu tun haben wollen!\u201c<\/strong> oder so \u00e4hnlich. <\/p>\n\n\n\n<p class=\"wp-block-paragraph\">Alles, was unter dem Schleier liegt, ist f\u00fcr uns nicht sichtbar und doch irgendwie sp\u00fcrbar und beschwert unser Herz. Irgendwann in unserem Leben oder vielleicht gar in den Generationen vor uns wurde etwas ins Dunkle verbannt. Dort im dunklen Keller ohne Licht und Liebe verschlimmert sich der Zustand dieser unbezeugten Aspekte von uns &#8211; oder m\u00f6glicherweise von unserer Vorfahren &#8211; immer mehr, dabei sehnen sie sich, wie alles Schmerzbehaftete in uns, nach liebevoller Aufmerksamkeit, um sich endlich befreien und verwandeln zu k\u00f6nnen.<\/p>\n\n\n\n<h2 class=\"wp-block-heading\">Kein Fortschritt ohne von der Scham zu entgiften<\/h2>\n\n\n\n<p class=\"wp-block-paragraph\"><strong>Je l\u00e4nger sie jedoch da im Dunkeln liegen, desto mehr sch\u00e4men wir uns f\u00fcr unsere schambesetzten Anteile, ohne sie wirklich zu kennen.<\/strong> Im kalten dunklen Keller sammelt sich Schimmel und Dreck auf ihnen. Von au\u00dfen betrachtet ekeln wir uns gar davor und wollen davon nichts wissen, sie am liebsten loswerden, obwohl wir gar nicht genau wissen, was unter dem Schleier verborgen liegt.<br><br><strong>Manchmal versuchen wir diese unsch\u00f6nen Aspekte zu \u00fcbert\u00fcnchen, indem wir das Haus oben umso heller, sch\u00f6ner, perfekter und reiner gestalten, um von anderen geliebt zu werden und von uns selbst und von anderen als besonders guter Mensch gesehen zu werden.<\/strong> Und gleichzeitig sp\u00fcren wir, dass unser Gutsein oft unauthentisch ist, da es tief drinnen getrieben ist von der \u00dcberzeugung ein schlechter Mensch zu sein und der Welt das Gegenteil beweisen zu wollen und es nicht der F\u00fclle unseres Herzens entspringt. Das unauthentische Gutsein schafft jedoch nicht die echte Mitmenschlichkeit und Verbundenheit, nach der wir uns oft sehnen, sondern h\u00e4lt das schmerzhafte Getrenntsein aufrecht.<br><br>Die schlechten Nachrichten sind: es gibt keine Abk\u00fcrzungen auf dem Weg zu mehr pers\u00f6nlichem Wachstum. Der Weg f\u00fchrt immer durch das hindurch, was sich in uns zeigt und bezeugt und gef\u00fchlt werden will.\u00a0 Die guten Nachrichten: <strong>der schnellste Weg zu echter Verbundenheit ist die Angst vor Ausgrenzung und Einsamkeit unter der Scham zu sp\u00fcren in dem Wissen, das jeder Mensch sie teilt, auch wenn wir uns nicht trauen uns das einzugestehen.<\/strong> Alles, was Du tun kannst, ist Dich zu trauen den alten dreckigen und modrigen Schleier zu l\u00fcften und darunter zu schauen. Wahrscheinlich erkennst Du verletzliche j\u00fcngeren Anteile, die einfach nur ein wenig Licht, Luft und Deiner w\u00e4rmenden Liebe bed\u00fcrfen.<br><\/p>\n\n\n\n<h2 class=\"wp-block-heading\">Befreit Du selbst sein durch Selbstmitgef\u00fchl<\/h2>\n\n\n\n<p class=\"wp-block-paragraph\">Sobald wir diese Anteile mit Mitgef\u00fchl befreit und umsorgt haben, sind wir mehr von unserem authentischen Selbst und f\u00fchlen uns gest\u00e4rkter. Den alten modrigen Schleier brauchen wir nicht mehr. All die Lebensenergie, die in diesen verbannten Anteilen geb\u00fcndelt war oder von ihnen blockiert und gel\u00e4hmt war, darf sich wieder frei bewegen. <strong>Scham schneidet uns also von wichtigen Aspekten unseres authentischen Selbst ab und damit auch von essenzieller Lebenskraft und unserer wundervollen Einzigartigkeit.<\/strong> Wir werden lebendiger und entfalten unser authentische Selbst ganz von allein!<br><br>Ein weiterer Fortschritt in unseren Beziehungen kann dann auch leicht von allein geschehen: Je weniger wir Scham erleben, desto verantwortungsvoller und reifer sind wir in unserem Verhalten anderen gegen\u00fcber. Wir k\u00f6nnen Besch\u00e4mung von konstruktiver Kritik unterscheiden, da wir die Absichten anderer uns gegen\u00fcber klarer erkennen k\u00f6nnen. Wir sind nicht mehr st\u00e4ndig damit besch\u00e4ftigt jedem von unserem Gut Sein zu \u00fcberzeugen oder aggressiv Dialoge abzuwehren, sondern sehen uns klar als Mensch mit St\u00e4rken und Schw\u00e4chen. Wenn wir jemanden verletzt haben, dann k\u00f6nnen wir uns entschuldigen und den Schaden reparieren. Wir sind in der Lage konstruktive Kritik anzunehmen und diese auch zu geben. Wir gestalten und leben reife, n\u00e4hrende und starke Beziehungen mit Menschen, die das auch leben wollen. <\/p>\n\n\n\n<p class=\"wp-block-paragraph\">Selbstmitgef\u00fchlstraining hilft nachweislich Schamerleben und die damit verbundene Selbstverurteilung zu reduzieren. Mach also mit beim n\u00e4chsten Selbstmitgef\u00fchlstraining f\u00fcr Anf\u00e4nger &#8211;<a href=\"https:\/\/www.christinebraehler.com\/de\/care\/\"> <strong>Mindful Self-Compassion (MSC) 8-Wochen Kurs<\/strong> <\/a>&#8211; oder in meinem <strong><a href=\"https:\/\/www.christinebraehler.com\/de\/detox\/\">Aufbaukurs Scham Detox<\/a><\/strong>. Alternativ, kannst Du gleich loslegen mit meinem Audio-Kurs Glaub an Dich, der Dir hilft Gef\u00fchle von Scham und Nicht-Gut-Genug zu sein zu \u00fcberwinden, so dass Du Dir selbst mehr vertraust und zutraust. 10% Rabatt mit CouponCode MUT.<\/p>\n\n\n\n<div style=\"height:100px\" aria-hidden=\"true\" class=\"wp-block-spacer\"><\/div>\n\n\n\n<div class=\"wp-block-teachable-buy-button teachable-buy-button\"><div class=\"teachable-image  \" style=\"border-radius: 9px 9px 0 0\"><img decoding=\"async\" src=\"https:\/\/file-uploads.teachablecdn.com\/871feb986e264fc991b694cd799146e1\/0af2025aa6d641798f9bad480e290f4e\" alt=\"Product image\" \/><\/div>\n\n\n<div class=\"wp-block-group\" style=\"padding-top:16px;padding-right:16px;padding-bottom:16px;padding-left:16px\"><div class=\"wp-block-group__inner-container is-layout-flow wp-block-group-is-layout-flow\"><h2 class=\"teachable-name  \" style=\"font-size: 35px\">Glaub an Dich<\/h2>\n\n<p class=\"teachable-description  \" style=\"font-size: 17px\">Der Audio-Kurs f\u00fcr mehr Selbstvertrauen<\/p>\n\n\n<div class=\"wp-block-columns are-vertically-aligned-center teachable-details is-layout-flex wp-container-core-columns-is-layout-8f761849 wp-block-columns-is-layout-flex\">\n<div class=\"wp-block-column is-layout-flow wp-block-column-is-layout-flow\"><\/div>\n\n\n\n<div class=\"wp-block-column is-layout-flow wp-block-column-is-layout-flow\"><\/div>\n<\/div>\n\n\n\n<div class=\"wp-block-group teachable-pricing\"><div class=\"wp-block-group__inner-container is-layout-flow wp-block-group-is-layout-flow\"><div class=\"teachable-plan-options  \"><fieldset class=\"teachable-plan-options-wrap\"><legend>Select a Pricing Plan<\/legend><div class=\"teachable-plan-option\"><input type=\"radio\" id=\"plan-option-5815473-430c4ff8\" name=\"teachable-product-plan-option-430c4ff8\" value=\"5815473\" checked data-checkout-url=\"https:\/\/www.selfcompassioninclinicalpractice.com\/purchase?product_id=5815473&amp;user_src=wordpress\" \/><label for=\"plan-option-5815473-430c4ff8\" class=\"teachable-plan-option-label\"><span class=\"teachable-plan-option-name\">Glaub an Dich<\/span><span class=\"teachable-plan-option-price\">\u20ac39<\/span><\/label><\/div><\/fieldset><\/div>\n\n<a href=\"https:\/\/teachable.com\/\" data-query=\"\" class=\"teachable-checkout-button  \" style=\"font-size: 20px;color: #ffffff;background-color: #2804b9;border-radius: 4px\" target=\"_blank\" rel=\"noopener noreferrer\">Buy now<\/a><\/div><\/div>\n<\/div><\/div>\n<\/div>\n\n\n\n<p class=\"wp-block-paragraph\"><\/p>\n","protected":false},"excerpt":{"rendered":"<p>Kennst Du das? Ein belastendes Gef\u00fchl oder bestimmte Gedankeng\u00e4nge kleben gef\u00fchlt schon ewig an Dir, beschweren Dich und wollen sich einfach nicht bewegen, obwohl Du schon viel innere Arbeit gemacht hast? Dann ist wahrscheinlich Scham im Spiel, die alles gleichzeitig klebriger und schl\u00fcpfriger macht. Scham ist wie ein dunkler Schleier, der sich \u00fcber die Erfahrungen, [&hellip;]<\/p>\n","protected":false},"author":2,"featured_media":22211,"comment_status":"closed","ping_status":"closed","sticky":false,"template":"","format":"standard","meta":{"_acf_changed":false,"ocean_front_end_style_editor":"no","ocean_post_layout":"","ocean_both_sidebars_style":"","ocean_both_sidebars_content_width":0,"ocean_both_sidebars_sidebars_width":0,"ocean_sidebar":"","ocean_second_sidebar":"","ocean_disable_margins":"enable","ocean_add_body_class":"","ocean_shortcode_before_top_bar":"","ocean_shortcode_after_top_bar":"","ocean_shortcode_before_header":"","ocean_shortcode_after_header":"","ocean_has_shortcode":"","ocean_shortcode_after_title":"","ocean_shortcode_before_footer_widgets":"","ocean_shortcode_after_footer_widgets":"","ocean_shortcode_before_footer_bottom":"","ocean_shortcode_after_footer_bottom":"","ocean_display_top_bar":"default","ocean_display_header":"default","ocean_header_style":"","ocean_center_header_left_menu":"","ocean_custom_header_template":"","ocean_custom_logo":0,"ocean_custom_retina_logo":0,"ocean_custom_logo_max_width":0,"ocean_custom_logo_tablet_max_width":0,"ocean_custom_logo_mobile_max_width":0,"ocean_custom_logo_max_height":0,"ocean_custom_logo_tablet_max_height":0,"ocean_custom_logo_mobile_max_height":0,"ocean_header_custom_menu":"","ocean_menu_typo_font_family":"","ocean_menu_typo_font_subset":"","ocean_menu_typo_font_size":0,"ocean_menu_typo_font_size_tablet":0,"ocean_menu_typo_font_size_mobile":0,"ocean_menu_typo_font_size_unit":"px","ocean_menu_typo_font_weight":"","ocean_menu_typo_font_weight_tablet":"","ocean_menu_typo_font_weight_mobile":"","ocean_menu_typo_transform":"","ocean_menu_typo_transform_tablet":"","ocean_menu_typo_transform_mobile":"","ocean_menu_typo_line_height":0,"ocean_menu_typo_line_height_tablet":0,"ocean_menu_typo_line_height_mobile":0,"ocean_menu_typo_line_height_unit":"","ocean_menu_typo_spacing":0,"ocean_menu_typo_spacing_tablet":0,"ocean_menu_typo_spacing_mobile":0,"ocean_menu_typo_spacing_unit":"","ocean_menu_link_color":"","ocean_menu_link_color_hover":"","ocean_menu_link_color_active":"","ocean_menu_link_background":"","ocean_menu_link_hover_background":"","ocean_menu_link_active_background":"","ocean_menu_social_links_bg":"","ocean_menu_social_hover_links_bg":"","ocean_menu_social_links_color":"","ocean_menu_social_hover_links_color":"","ocean_disable_title":"default","ocean_disable_heading":"default","ocean_post_title":"","ocean_post_subheading":"","ocean_post_title_style":"","ocean_post_title_background_color":"","ocean_post_title_background":0,"ocean_post_title_bg_image_position":"","ocean_post_title_bg_image_attachment":"","ocean_post_title_bg_image_repeat":"","ocean_post_title_bg_image_size":"","ocean_post_title_height":0,"ocean_post_title_bg_overlay":0.5,"ocean_post_title_bg_overlay_color":"","ocean_disable_breadcrumbs":"default","ocean_breadcrumbs_color":"","ocean_breadcrumbs_separator_color":"","ocean_breadcrumbs_links_color":"","ocean_breadcrumbs_links_hover_color":"","ocean_display_footer_widgets":"default","ocean_display_footer_bottom":"default","ocean_custom_footer_template":"","ocean_post_oembed":"","ocean_post_self_hosted_media":"","ocean_post_video_embed":"","ocean_link_format":"","ocean_link_format_target":"self","ocean_quote_format":"","ocean_quote_format_link":"post","ocean_gallery_link_images":"on","ocean_gallery_id":[],"footnotes":""},"categories":[1],"tags":[],"class_list":["post-22210","post","type-post","status-publish","format-standard","has-post-thumbnail","hentry","category-allgemein","entry","has-media"],"acf":[],"yoast_head":"<!-- This site is optimized with the Yoast SEO plugin v28.4 - https:\/\/yoast.com\/product\/yoast-seo-wordpress\/ -->\n<title>Wenn Scham Dich ausbremst, ohne dass Du es merkst - Christine Br\u00e4hler<\/title>\n<meta name=\"description\" content=\"Wie Scham dich unbemerkt ausbremst \u2013 und wie Selbstmitgef\u00fchl dir helfen kann, innere Blockaden zu l\u00f6sen und wieder freier deinen Weg zu gehen.\" \/>\n<meta name=\"robots\" content=\"index, follow, max-snippet:-1, max-image-preview:large, max-video-preview:-1\" \/>\n<link rel=\"canonical\" href=\"https:\/\/www.christinebraehler.com\/de\/wenn-scham-dich-ausbremst-ohne-dass-du-es-merkst\/\" \/>\n<meta property=\"og:locale\" content=\"de_DE\" \/>\n<meta property=\"og:type\" content=\"article\" \/>\n<meta property=\"og:title\" content=\"Wenn Scham Dich ausbremst, ohne dass Du es merkst - Christine Br\u00e4hler\" \/>\n<meta property=\"og:description\" content=\"Wie Scham dich unbemerkt ausbremst \u2013 und wie Selbstmitgef\u00fchl dir helfen kann, innere Blockaden zu l\u00f6sen und wieder freier deinen Weg zu gehen.\" \/>\n<meta property=\"og:url\" content=\"https:\/\/www.christinebraehler.com\/de\/wenn-scham-dich-ausbremst-ohne-dass-du-es-merkst\/\" \/>\n<meta property=\"og:site_name\" content=\"Christine Br\u00e4hler\" \/>\n<meta property=\"article:published_time\" content=\"2026-08-27T11:49:27+00:00\" \/>\n<meta property=\"article:modified_time\" content=\"2026-08-27T11:54:35+00:00\" \/>\n<meta property=\"og:image\" content=\"https:\/\/www.christinebraehler.com\/wp-content\/uploads\/2026\/08\/Wie-Scham-Dich-unbemerkt-ausbremst.png\" \/>\n\t<meta property=\"og:image:width\" content=\"800\" \/>\n\t<meta property=\"og:image:height\" content=\"800\" \/>\n\t<meta property=\"og:image:type\" content=\"image\/png\" \/>\n<meta name=\"author\" content=\"Christine Braehler\" \/>\n<meta name=\"twitter:card\" content=\"summary_large_image\" \/>\n<meta name=\"twitter:label1\" content=\"Verfasst von\" \/>\n\t<meta name=\"twitter:data1\" content=\"Christine Braehler\" \/>\n\t<meta name=\"twitter:label2\" content=\"Gesch\u00e4tzte Lesezeit\" \/>\n\t<meta name=\"twitter:data2\" content=\"4\u00a0Minuten\" \/>\n<script type=\"application\/ld+json\" class=\"yoast-schema-graph\">{\"@context\":\"https:\\\/\\\/schema.org\",\"@graph\":[{\"@type\":\"Article\",\"@id\":\"https:\\\/\\\/www.christinebraehler.com\\\/de\\\/wenn-scham-dich-ausbremst-ohne-dass-du-es-merkst\\\/#article\",\"isPartOf\":{\"@id\":\"https:\\\/\\\/www.christinebraehler.com\\\/de\\\/wenn-scham-dich-ausbremst-ohne-dass-du-es-merkst\\\/\"},\"author\":{\"name\":\"Christine Braehler\",\"@id\":\"https:\\\/\\\/www.christinebraehler.com\\\/#\\\/schema\\\/person\\\/e37ee4b836b38bb27bbc626a7d947901\"},\"headline\":\"Wenn Scham Dich ausbremst, ohne dass Du es merkst\",\"datePublished\":\"2026-08-27T11:49:27+00:00\",\"dateModified\":\"2026-08-27T11:54:35+00:00\",\"mainEntityOfPage\":{\"@id\":\"https:\\\/\\\/www.christinebraehler.com\\\/de\\\/wenn-scham-dich-ausbremst-ohne-dass-du-es-merkst\\\/\"},\"wordCount\":805,\"publisher\":{\"@id\":\"https:\\\/\\\/www.christinebraehler.com\\\/#\\\/schema\\\/person\\\/e37ee4b836b38bb27bbc626a7d947901\"},\"image\":{\"@id\":\"https:\\\/\\\/www.christinebraehler.com\\\/de\\\/wenn-scham-dich-ausbremst-ohne-dass-du-es-merkst\\\/#primaryimage\"},\"thumbnailUrl\":\"https:\\\/\\\/www.christinebraehler.com\\\/wp-content\\\/uploads\\\/2026\\\/08\\\/Wie-Scham-Dich-unbemerkt-ausbremst.png\",\"inLanguage\":\"de\"},{\"@type\":\"WebPage\",\"@id\":\"https:\\\/\\\/www.christinebraehler.com\\\/de\\\/wenn-scham-dich-ausbremst-ohne-dass-du-es-merkst\\\/\",\"url\":\"https:\\\/\\\/www.christinebraehler.com\\\/de\\\/wenn-scham-dich-ausbremst-ohne-dass-du-es-merkst\\\/\",\"name\":\"Wenn Scham Dich ausbremst, ohne dass Du es merkst - Christine Br\u00e4hler\",\"isPartOf\":{\"@id\":\"https:\\\/\\\/www.christinebraehler.com\\\/#website\"},\"primaryImageOfPage\":{\"@id\":\"https:\\\/\\\/www.christinebraehler.com\\\/de\\\/wenn-scham-dich-ausbremst-ohne-dass-du-es-merkst\\\/#primaryimage\"},\"image\":{\"@id\":\"https:\\\/\\\/www.christinebraehler.com\\\/de\\\/wenn-scham-dich-ausbremst-ohne-dass-du-es-merkst\\\/#primaryimage\"},\"thumbnailUrl\":\"https:\\\/\\\/www.christinebraehler.com\\\/wp-content\\\/uploads\\\/2026\\\/08\\\/Wie-Scham-Dich-unbemerkt-ausbremst.png\",\"datePublished\":\"2026-08-27T11:49:27+00:00\",\"dateModified\":\"2026-08-27T11:54:35+00:00\",\"description\":\"Wie Scham dich unbemerkt ausbremst \u2013 und wie Selbstmitgef\u00fchl dir helfen kann, innere Blockaden zu l\u00f6sen und wieder freier deinen Weg zu gehen.\",\"breadcrumb\":{\"@id\":\"https:\\\/\\\/www.christinebraehler.com\\\/de\\\/wenn-scham-dich-ausbremst-ohne-dass-du-es-merkst\\\/#breadcrumb\"},\"inLanguage\":\"de\",\"potentialAction\":[{\"@type\":\"ReadAction\",\"target\":[\"https:\\\/\\\/www.christinebraehler.com\\\/de\\\/wenn-scham-dich-ausbremst-ohne-dass-du-es-merkst\\\/\"]}]},{\"@type\":\"ImageObject\",\"inLanguage\":\"de\",\"@id\":\"https:\\\/\\\/www.christinebraehler.com\\\/de\\\/wenn-scham-dich-ausbremst-ohne-dass-du-es-merkst\\\/#primaryimage\",\"url\":\"https:\\\/\\\/www.christinebraehler.com\\\/wp-content\\\/uploads\\\/2026\\\/08\\\/Wie-Scham-Dich-unbemerkt-ausbremst.png\",\"contentUrl\":\"https:\\\/\\\/www.christinebraehler.com\\\/wp-content\\\/uploads\\\/2026\\\/08\\\/Wie-Scham-Dich-unbemerkt-ausbremst.png\",\"width\":800,\"height\":800},{\"@type\":\"BreadcrumbList\",\"@id\":\"https:\\\/\\\/www.christinebraehler.com\\\/de\\\/wenn-scham-dich-ausbremst-ohne-dass-du-es-merkst\\\/#breadcrumb\",\"itemListElement\":[{\"@type\":\"ListItem\",\"position\":1,\"name\":\"Startseite\",\"item\":\"https:\\\/\\\/www.christinebraehler.com\\\/de\\\/\"},{\"@type\":\"ListItem\",\"position\":2,\"name\":\"Wenn Scham Dich ausbremst, ohne dass Du es merkst\"}]},{\"@type\":\"WebSite\",\"@id\":\"https:\\\/\\\/www.christinebraehler.com\\\/#website\",\"url\":\"https:\\\/\\\/www.christinebraehler.com\\\/\",\"name\":\"Christine Br\u00e4hler\",\"description\":\"Learn to love more of yourself\",\"publisher\":{\"@id\":\"https:\\\/\\\/www.christinebraehler.com\\\/#\\\/schema\\\/person\\\/e37ee4b836b38bb27bbc626a7d947901\"},\"potentialAction\":[{\"@type\":\"SearchAction\",\"target\":{\"@type\":\"EntryPoint\",\"urlTemplate\":\"https:\\\/\\\/www.christinebraehler.com\\\/?s={search_term_string}\"},\"query-input\":{\"@type\":\"PropertyValueSpecification\",\"valueRequired\":true,\"valueName\":\"search_term_string\"}}],\"inLanguage\":\"de\"},{\"@type\":[\"Person\",\"Organization\"],\"@id\":\"https:\\\/\\\/www.christinebraehler.com\\\/#\\\/schema\\\/person\\\/e37ee4b836b38bb27bbc626a7d947901\",\"name\":\"Christine Braehler\",\"image\":{\"@type\":\"ImageObject\",\"inLanguage\":\"de\",\"@id\":\"https:\\\/\\\/www.christinebraehler.com\\\/wp-content\\\/uploads\\\/2023\\\/10\\\/Christine-Braehler.jpg\",\"url\":\"https:\\\/\\\/www.christinebraehler.com\\\/wp-content\\\/uploads\\\/2023\\\/10\\\/Christine-Braehler.jpg\",\"contentUrl\":\"https:\\\/\\\/www.christinebraehler.com\\\/wp-content\\\/uploads\\\/2023\\\/10\\\/Christine-Braehler.jpg\",\"width\":1907,\"height\":1851,\"caption\":\"Christine Braehler\"},\"logo\":{\"@id\":\"https:\\\/\\\/www.christinebraehler.com\\\/wp-content\\\/uploads\\\/2023\\\/10\\\/Christine-Braehler.jpg\"},\"description\":\"Dr. Christine Br\u00e4hler ist Psychologische Psychotherapeutin, Selbstmitgef\u00fchlsexpertin, Dozentin und Autorin.\",\"url\":\"https:\\\/\\\/www.christinebraehler.com\\\/de\\\/author\\\/cbraehler07\\\/\"}]}<\/script>\n<!-- \/ Yoast SEO plugin. -->","yoast_head_json":{"title":"Wenn Scham Dich ausbremst, ohne dass Du es merkst - Christine Br\u00e4hler","description":"Wie Scham dich unbemerkt ausbremst \u2013 und wie Selbstmitgef\u00fchl dir helfen kann, innere Blockaden zu l\u00f6sen und wieder freier deinen Weg zu gehen.","robots":{"index":"index","follow":"follow","max-snippet":"max-snippet:-1","max-image-preview":"max-image-preview:large","max-video-preview":"max-video-preview:-1"},"canonical":"https:\/\/www.christinebraehler.com\/de\/wenn-scham-dich-ausbremst-ohne-dass-du-es-merkst\/","og_locale":"de_DE","og_type":"article","og_title":"Wenn Scham Dich ausbremst, ohne dass Du es merkst - Christine Br\u00e4hler","og_description":"Wie Scham dich unbemerkt ausbremst \u2013 und wie Selbstmitgef\u00fchl dir helfen kann, innere Blockaden zu l\u00f6sen und wieder freier deinen Weg zu gehen.","og_url":"https:\/\/www.christinebraehler.com\/de\/wenn-scham-dich-ausbremst-ohne-dass-du-es-merkst\/","og_site_name":"Christine Br\u00e4hler","article_published_time":"2026-08-27T11:49:27+00:00","article_modified_time":"2026-08-27T11:54:35+00:00","og_image":[{"width":800,"height":800,"url":"https:\/\/www.christinebraehler.com\/wp-content\/uploads\/2026\/08\/Wie-Scham-Dich-unbemerkt-ausbremst.png","type":"image\/png"}],"author":"Christine Braehler","twitter_card":"summary_large_image","twitter_misc":{"Verfasst von":"Christine Braehler","Gesch\u00e4tzte Lesezeit":"4\u00a0Minuten"},"schema":{"@context":"https:\/\/schema.org","@graph":[{"@type":"Article","@id":"https:\/\/www.christinebraehler.com\/de\/wenn-scham-dich-ausbremst-ohne-dass-du-es-merkst\/#article","isPartOf":{"@id":"https:\/\/www.christinebraehler.com\/de\/wenn-scham-dich-ausbremst-ohne-dass-du-es-merkst\/"},"author":{"name":"Christine Braehler","@id":"https:\/\/www.christinebraehler.com\/#\/schema\/person\/e37ee4b836b38bb27bbc626a7d947901"},"headline":"Wenn Scham Dich ausbremst, ohne dass Du es merkst","datePublished":"2026-08-27T11:49:27+00:00","dateModified":"2026-08-27T11:54:35+00:00","mainEntityOfPage":{"@id":"https:\/\/www.christinebraehler.com\/de\/wenn-scham-dich-ausbremst-ohne-dass-du-es-merkst\/"},"wordCount":805,"publisher":{"@id":"https:\/\/www.christinebraehler.com\/#\/schema\/person\/e37ee4b836b38bb27bbc626a7d947901"},"image":{"@id":"https:\/\/www.christinebraehler.com\/de\/wenn-scham-dich-ausbremst-ohne-dass-du-es-merkst\/#primaryimage"},"thumbnailUrl":"https:\/\/www.christinebraehler.com\/wp-content\/uploads\/2026\/08\/Wie-Scham-Dich-unbemerkt-ausbremst.png","inLanguage":"de"},{"@type":"WebPage","@id":"https:\/\/www.christinebraehler.com\/de\/wenn-scham-dich-ausbremst-ohne-dass-du-es-merkst\/","url":"https:\/\/www.christinebraehler.com\/de\/wenn-scham-dich-ausbremst-ohne-dass-du-es-merkst\/","name":"Wenn Scham Dich ausbremst, ohne dass Du es merkst - Christine Br\u00e4hler","isPartOf":{"@id":"https:\/\/www.christinebraehler.com\/#website"},"primaryImageOfPage":{"@id":"https:\/\/www.christinebraehler.com\/de\/wenn-scham-dich-ausbremst-ohne-dass-du-es-merkst\/#primaryimage"},"image":{"@id":"https:\/\/www.christinebraehler.com\/de\/wenn-scham-dich-ausbremst-ohne-dass-du-es-merkst\/#primaryimage"},"thumbnailUrl":"https:\/\/www.christinebraehler.com\/wp-content\/uploads\/2026\/08\/Wie-Scham-Dich-unbemerkt-ausbremst.png","datePublished":"2026-08-27T11:49:27+00:00","dateModified":"2026-08-27T11:54:35+00:00","description":"Wie Scham dich unbemerkt ausbremst \u2013 und wie Selbstmitgef\u00fchl dir helfen kann, innere Blockaden zu l\u00f6sen und wieder freier deinen Weg zu gehen.","breadcrumb":{"@id":"https:\/\/www.christinebraehler.com\/de\/wenn-scham-dich-ausbremst-ohne-dass-du-es-merkst\/#breadcrumb"},"inLanguage":"de","potentialAction":[{"@type":"ReadAction","target":["https:\/\/www.christinebraehler.com\/de\/wenn-scham-dich-ausbremst-ohne-dass-du-es-merkst\/"]}]},{"@type":"ImageObject","inLanguage":"de","@id":"https:\/\/www.christinebraehler.com\/de\/wenn-scham-dich-ausbremst-ohne-dass-du-es-merkst\/#primaryimage","url":"https:\/\/www.christinebraehler.com\/wp-content\/uploads\/2026\/08\/Wie-Scham-Dich-unbemerkt-ausbremst.png","contentUrl":"https:\/\/www.christinebraehler.com\/wp-content\/uploads\/2026\/08\/Wie-Scham-Dich-unbemerkt-ausbremst.png","width":800,"height":800},{"@type":"BreadcrumbList","@id":"https:\/\/www.christinebraehler.com\/de\/wenn-scham-dich-ausbremst-ohne-dass-du-es-merkst\/#breadcrumb","itemListElement":[{"@type":"ListItem","position":1,"name":"Startseite","item":"https:\/\/www.christinebraehler.com\/de\/"},{"@type":"ListItem","position":2,"name":"Wenn Scham Dich ausbremst, ohne dass Du es merkst"}]},{"@type":"WebSite","@id":"https:\/\/www.christinebraehler.com\/#website","url":"https:\/\/www.christinebraehler.com\/","name":"Christine Br\u00e4hler","description":"Learn to love more of yourself","publisher":{"@id":"https:\/\/www.christinebraehler.com\/#\/schema\/person\/e37ee4b836b38bb27bbc626a7d947901"},"potentialAction":[{"@type":"SearchAction","target":{"@type":"EntryPoint","urlTemplate":"https:\/\/www.christinebraehler.com\/?s={search_term_string}"},"query-input":{"@type":"PropertyValueSpecification","valueRequired":true,"valueName":"search_term_string"}}],"inLanguage":"de"},{"@type":["Person","Organization"],"@id":"https:\/\/www.christinebraehler.com\/#\/schema\/person\/e37ee4b836b38bb27bbc626a7d947901","name":"Christine Braehler","image":{"@type":"ImageObject","inLanguage":"de","@id":"https:\/\/www.christinebraehler.com\/wp-content\/uploads\/2023\/10\/Christine-Braehler.jpg","url":"https:\/\/www.christinebraehler.com\/wp-content\/uploads\/2023\/10\/Christine-Braehler.jpg","contentUrl":"https:\/\/www.christinebraehler.com\/wp-content\/uploads\/2023\/10\/Christine-Braehler.jpg","width":1907,"height":1851,"caption":"Christine Braehler"},"logo":{"@id":"https:\/\/www.christinebraehler.com\/wp-content\/uploads\/2023\/10\/Christine-Braehler.jpg"},"description":"Dr. Christine Br\u00e4hler ist Psychologische Psychotherapeutin, Selbstmitgef\u00fchlsexpertin, Dozentin und Autorin.","url":"https:\/\/www.christinebraehler.com\/de\/author\/cbraehler07\/"}]}},"_links":{"self":[{"href":"https:\/\/www.christinebraehler.com\/de\/wp-json\/wp\/v2\/posts\/22210","targetHints":{"allow":["GET"]}}],"collection":[{"href":"https:\/\/www.christinebraehler.com\/de\/wp-json\/wp\/v2\/posts"}],"about":[{"href":"https:\/\/www.christinebraehler.com\/de\/wp-json\/wp\/v2\/types\/post"}],"author":[{"embeddable":true,"href":"https:\/\/www.christinebraehler.com\/de\/wp-json\/wp\/v2\/users\/2"}],"replies":[{"embeddable":true,"href":"https:\/\/www.christinebraehler.com\/de\/wp-json\/wp\/v2\/comments?post=22210"}],"version-history":[{"count":3,"href":"https:\/\/www.christinebraehler.com\/de\/wp-json\/wp\/v2\/posts\/22210\/revisions"}],"predecessor-version":[{"id":22216,"href":"https:\/\/www.christinebraehler.com\/de\/wp-json\/wp\/v2\/posts\/22210\/revisions\/22216"}],"wp:featuredmedia":[{"embeddable":true,"href":"https:\/\/www.christinebraehler.com\/de\/wp-json\/wp\/v2\/media\/22211"}],"wp:attachment":[{"href":"https:\/\/www.christinebraehler.com\/de\/wp-json\/wp\/v2\/media?parent=22210"}],"wp:term":[{"taxonomy":"category","embeddable":true,"href":"https:\/\/www.christinebraehler.com\/de\/wp-json\/wp\/v2\/categories?post=22210"},{"taxonomy":"post_tag","embeddable":true,"href":"https:\/\/www.christinebraehler.com\/de\/wp-json\/wp\/v2\/tags?post=22210"}],"curies":[{"name":"wp","href":"https:\/\/api.w.org\/{rel}","templated":true}]}}